{"id":7870,"date":"2023-02-23T11:17:42","date_gmt":"2023-02-23T10:17:42","guid":{"rendered":"https:\/\/www.koettermann.com\/?p=7870"},"modified":"2023-02-23T13:21:34","modified_gmt":"2023-02-23T12:21:34","slug":"neuer-koettermann-showroom-in-breda","status":"publish","type":"post","link":"https:\/\/www.koettermann.com\/de\/neuer-koettermann-showroom-in-breda\/","title":{"rendered":"Neuer K\u00f6ttermann Ausstellungsraum in Breda gemeinsam mit Anton Paar"},"content":{"rendered":"<div class=\"wpb-content-wrapper\"><p>[vc_row full_width=&#8220;stretch_row&#8220;][vc_column][vc_row_inner][vc_column_inner offset=&#8220;vc_hidden-sm vc_hidden-xs&#8220;][vc_empty_space height=&#8220;50px&#8220;][\/vc_column_inner][\/vc_row_inner][vc_row_inner][vc_column_inner width=&#8220;1\/6&#8243; offset=&#8220;vc_hidden-sm vc_hidden-xs&#8220;][\/vc_column_inner][vc_column_inner offset=&#8220;vc_col-lg-8 vc_col-md-8 vc_col-xs-12&#8243;][vc_single_image image=&#8220;7871&#8243; img_size=&#8220;full&#8220; alignment=&#8220;center&#8220;][vc_empty_space height=&#8220;25px&#8220;][\/vc_column_inner][vc_column_inner width=&#8220;1\/6&#8243;][\/vc_column_inner][\/vc_row_inner][vc_row_inner][vc_column_inner width=&#8220;1\/6&#8243;][\/vc_column_inner][vc_column_inner width=&#8220;2\/3&#8243;][vc_column_text]<\/p>\n<h1>K\u00f6ttermann Niederlande schlie\u00dft sich mit Anton Paar in Breda zusammen<\/h1>\n<p>[\/vc_column_text][vc_column_text]Der niederl\u00e4ndische Gesch\u00e4ftsf\u00fchrer von Anton Paar, Herr Dave Dijkhuis,\u00a0beauftragte K\u00f6ttermann mit dem Design, der Montage und der Installation der neuen modernen Test- und Schulungseinrichtung in Breda. Durch die Zusammenarbeit mit K\u00f6ttermann k\u00f6nnen die Kunden beider Unternehmen die Ger\u00e4te und M\u00f6bel direkt vor Ort erleben. Anton Paar entwickelt, produziert und vertreibt hochpr\u00e4zise Laborger\u00e4te, Prozessmesssysteme und bietet ma\u00dfgeschneiderte Automatisierungs- und Robotikl\u00f6sungen an. Das Unternehmen ist weltweit f\u00fchrend in der Messung von Dichte, Konzentration und CO2 und f\u00fchrend im Bereich der Rheometrie.\u00a0 L\u00f6sungen zur Lagerung von Druckgasflaschen, ein Abzug und allerhand weitere K\u00f6ttermann L\u00f6sungen\u00a0sind vor Ort verbaut.<\/p>\n<p>Wir freuen uns sehr \u00fcber die tolle Er\u00f6ffnungsfeier des Showrooms und laden ab sofort alle Interessierten ein, das Anton Paar \/ K\u00f6ttermann Labor 3.0 zu besuchen und zu erleben.<\/p>\n<p>Anton Paar Netherlands B.V.<br \/>\nPrincenhagelaan 13<br \/>\n4813 DA Breda<br \/>\nT: +31 162744426<\/p>\n<p>K\u00f6ttermann B.V.<br \/>\nNieuwe Prinsenkade 3<br \/>\n4811 VC Breda<br \/>\nT: 31 76 2030044<\/p>\n<p>[\/vc_column_text][\/vc_column_inner][vc_column_inner width=&#8220;1\/6&#8243;][\/vc_column_inner][\/vc_row_inner][vc_row_inner][vc_column_inner][vc_empty_space height=&#8220;25px&#8220;][\/vc_column_inner][\/vc_row_inner][\/vc_column][\/vc_row][vc_row full_width=&#8220;stretch_row&#8220;][vc_column][vc_row_inner][vc_column_inner width=&#8220;1\/6&#8243;][\/vc_column_inner][vc_column_inner width=&#8220;2\/3&#8243;][\/vc_column_inner][vc_column_inner width=&#8220;1\/6&#8243;][\/vc_column_inner][\/vc_row_inner][vc_row_inner][vc_column_inner][vc_empty_space height=&#8220;25px&#8220;][\/vc_column_inner][\/vc_row_inner][\/vc_column][\/vc_row][vc_row full_width=&#8220;stretch_row&#8220;][vc_column][\/vc_column][\/vc_row][vc_row full_width=&#8220;stretch_row&#8220;][vc_column][vc_row_inner][vc_column_inner][vc_empty_space height=&#8220;25px&#8220;][\/vc_column_inner][\/vc_row_inner][\/vc_column][\/vc_row]<\/p>\n<\/div>","protected":false},"excerpt":{"rendered":"<p>[vc_row full_width=&#8220;stretch_row&#8220;][vc_column][vc_row_inner][vc_column_inner offset=&#8220;vc_hidden-sm vc_hidden-xs&#8220;][vc_empty_space height=&#8220;50px&#8220;][\/vc_column_inner][\/vc_row_inner][vc_row_inner][vc_column_inner width=&#8220;1\/6&#8243; offset=&#8220;vc_hidden-sm vc_hidden-xs&#8220;][\/vc_column_inner][vc_column_inner offset=&#8220;vc_col-lg-8 vc_col-md-8 vc_col-xs-12&#8243;][vc_single_image image=&#8220;7871&#8243; img_size=&#8220;full&#8220; alignment=&#8220;center&#8220;][vc_empty_space height=&#8220;25px&#8220;][\/vc_column_inner][vc_column_inner width=&#8220;1\/6&#8243;][\/vc_column_inner][\/vc_row_inner][vc_row_inner][vc_column_inner width=&#8220;1\/6&#8243;][\/vc_column_inner][vc_column_inner width=&#8220;2\/3&#8243;][vc_column_text] K\u00f6ttermann Niederlande schlie\u00dft sich mit Anton Paar in Breda zusammen [\/vc_column_text][vc_column_text]Der niederl\u00e4ndische Gesch\u00e4ftsf\u00fchrer von Anton Paar, Herr Dave Dijkhuis,\u00a0beauftragte K\u00f6ttermann mit dem Design, der Montage und der Installation der neuen modernen Test- und Schulungseinrichtung in Breda. Durch [&hellip;]<\/p>\n","protected":false},"author":4,"featured_media":7871,"comment_status":"open","ping_status":"open","sticky":false,"template":"","format":"standard","meta":{"content-type":"","footnotes":""},"categories":[1],"tags":[],"class_list":["post-7870","post","type-post","status-publish","format-standard","hentry","category-neuigkeiten"],"yoast_head":"<!-- This site is optimized with the Yoast SEO plugin v27.0 - https:\/\/yoast.com\/product\/yoast-seo-wordpress\/ -->\n<title>Neuer K\u00f6ttermann Ausstellungsraum in Breda gemeinsam mit Anton Paar - K\u00f6ttermann GmbH<\/title>\n<meta name=\"robots\" content=\"index, follow, max-snippet:-1, max-image-preview:large, max-video-preview:-1\" \/>\n<link rel=\"canonical\" href=\"https:\/\/www.koettermann.com\/de\/neuer-koettermann-showroom-in-breda\/\" \/>\n<meta property=\"og:locale\" content=\"de_DE\" \/>\n<meta property=\"og:type\" content=\"article\" \/>\n<meta property=\"og:title\" content=\"Neuer K\u00f6ttermann Ausstellungsraum in Breda gemeinsam mit Anton Paar - K\u00f6ttermann GmbH\" \/>\n<meta property=\"og:description\" content=\"[vc_row full_width=&#8220;stretch_row&#8220;][vc_column][vc_row_inner][vc_column_inner offset=&#8220;vc_hidden-sm vc_hidden-xs&#8220;][vc_empty_space height=&#8220;50px&#8220;][\/vc_column_inner][\/vc_row_inner][vc_row_inner][vc_column_inner width=&#8220;1\/6&#8243; offset=&#8220;vc_hidden-sm vc_hidden-xs&#8220;][\/vc_column_inner][vc_column_inner offset=&#8220;vc_col-lg-8 vc_col-md-8 vc_col-xs-12&#8243;][vc_single_image image=&#8220;7871&#8243; img_size=&#8220;full&#8220; alignment=&#8220;center&#8220;][vc_empty_space height=&#8220;25px&#8220;][\/vc_column_inner][vc_column_inner width=&#8220;1\/6&#8243;][\/vc_column_inner][\/vc_row_inner][vc_row_inner][vc_column_inner width=&#8220;1\/6&#8243;][\/vc_column_inner][vc_column_inner width=&#8220;2\/3&#8243;][vc_column_text] K\u00f6ttermann Niederlande schlie\u00dft sich mit Anton Paar in Breda zusammen [\/vc_column_text][vc_column_text]Der niederl\u00e4ndische Gesch\u00e4ftsf\u00fchrer von Anton Paar, Herr Dave Dijkhuis,\u00a0beauftragte K\u00f6ttermann mit dem Design, der Montage und der Installation der neuen modernen Test- und Schulungseinrichtung in Breda. Durch [&hellip;]\" \/>\n<meta property=\"og:url\" content=\"https:\/\/www.koettermann.com\/de\/neuer-koettermann-showroom-in-breda\/\" \/>\n<meta property=\"og:site_name\" content=\"K\u00f6ttermann GmbH\" \/>\n<meta property=\"article:published_time\" content=\"2023-02-23T10:17:42+00:00\" \/>\n<meta property=\"article:modified_time\" content=\"2023-02-23T12:21:34+00:00\" \/>\n<meta property=\"og:image\" content=\"https:\/\/www.koettermann.com\/wp-content\/uploads\/2023\/02\/1-2-scaled.jpg\" \/>\n\t<meta property=\"og:image:width\" content=\"2560\" \/>\n\t<meta property=\"og:image:height\" content=\"1920\" \/>\n\t<meta property=\"og:image:type\" content=\"image\/jpeg\" \/>\n<meta name=\"author\" content=\"S\u00f6ren Schecker\" \/>\n<meta name=\"twitter:card\" content=\"summary_large_image\" \/>\n<meta name=\"twitter:label1\" content=\"Verfasst von\" \/>\n\t<meta name=\"twitter:data1\" content=\"S\u00f6ren Schecker\" \/>\n\t<meta name=\"twitter:label2\" content=\"Gesch\u00e4tzte Lesezeit\" \/>\n\t<meta name=\"twitter:data2\" content=\"2\u00a0Minuten\" \/>\n<script type=\"application\/ld+json\" class=\"yoast-schema-graph\">{\"@context\":\"https:\/\/schema.org\",\"@graph\":[{\"@type\":\"Article\",\"@id\":\"https:\/\/www.koettermann.com\/de\/neuer-koettermann-showroom-in-breda\/#article\",\"isPartOf\":{\"@id\":\"https:\/\/www.koettermann.com\/de\/neuer-koettermann-showroom-in-breda\/\"},\"author\":{\"name\":\"S\u00f6ren Schecker\",\"@id\":\"https:\/\/www.koettermann.com\/de\/#\/schema\/person\/8425ff4fbeb65a5857adf848c905ffc5\"},\"headline\":\"Neuer K\u00f6ttermann Ausstellungsraum in Breda gemeinsam mit Anton Paar\",\"datePublished\":\"2023-02-23T10:17:42+00:00\",\"dateModified\":\"2023-02-23T12:21:34+00:00\",\"mainEntityOfPage\":{\"@id\":\"https:\/\/www.koettermann.com\/de\/neuer-koettermann-showroom-in-breda\/\"},\"wordCount\":421,\"commentCount\":0,\"image\":{\"@id\":\"https:\/\/www.koettermann.com\/de\/neuer-koettermann-showroom-in-breda\/#primaryimage\"},\"thumbnailUrl\":\"https:\/\/www.koettermann.com\/wp-content\/uploads\/2023\/02\/1-2-scaled.jpg\",\"articleSection\":[\"Neuigkeiten\"],\"inLanguage\":\"de\"},{\"@type\":\"WebPage\",\"@id\":\"https:\/\/www.koettermann.com\/de\/neuer-koettermann-showroom-in-breda\/\",\"url\":\"https:\/\/www.koettermann.com\/de\/neuer-koettermann-showroom-in-breda\/\",\"name\":\"Neuer K\u00f6ttermann Ausstellungsraum in Breda gemeinsam mit Anton Paar - K\u00f6ttermann GmbH\",\"isPartOf\":{\"@id\":\"https:\/\/www.koettermann.com\/de\/#website\"},\"primaryImageOfPage\":{\"@id\":\"https:\/\/www.koettermann.com\/de\/neuer-koettermann-showroom-in-breda\/#primaryimage\"},\"image\":{\"@id\":\"https:\/\/www.koettermann.com\/de\/neuer-koettermann-showroom-in-breda\/#primaryimage\"},\"thumbnailUrl\":\"https:\/\/www.koettermann.com\/wp-content\/uploads\/2023\/02\/1-2-scaled.jpg\",\"datePublished\":\"2023-02-23T10:17:42+00:00\",\"dateModified\":\"2023-02-23T12:21:34+00:00\",\"author\":{\"@id\":\"https:\/\/www.koettermann.com\/de\/#\/schema\/person\/8425ff4fbeb65a5857adf848c905ffc5\"},\"breadcrumb\":{\"@id\":\"https:\/\/www.koettermann.com\/de\/neuer-koettermann-showroom-in-breda\/#breadcrumb\"},\"inLanguage\":\"de\",\"potentialAction\":[{\"@type\":\"ReadAction\",\"target\":[\"https:\/\/www.koettermann.com\/de\/neuer-koettermann-showroom-in-breda\/\"]}]},{\"@type\":\"ImageObject\",\"inLanguage\":\"de\",\"@id\":\"https:\/\/www.koettermann.com\/de\/neuer-koettermann-showroom-in-breda\/#primaryimage\",\"url\":\"https:\/\/www.koettermann.com\/wp-content\/uploads\/2023\/02\/1-2-scaled.jpg\",\"contentUrl\":\"https:\/\/www.koettermann.com\/wp-content\/uploads\/2023\/02\/1-2-scaled.jpg\",\"width\":2560,\"height\":1920},{\"@type\":\"BreadcrumbList\",\"@id\":\"https:\/\/www.koettermann.com\/de\/neuer-koettermann-showroom-in-breda\/#breadcrumb\",\"itemListElement\":[{\"@type\":\"ListItem\",\"position\":1,\"name\":\"Startseite\",\"item\":\"https:\/\/www.koettermann.com\/de\/\"},{\"@type\":\"ListItem\",\"position\":2,\"name\":\"Neuer K\u00f6ttermann Ausstellungsraum in Breda gemeinsam mit Anton Paar\"}]},{\"@type\":\"WebSite\",\"@id\":\"https:\/\/www.koettermann.com\/de\/#website\",\"url\":\"https:\/\/www.koettermann.com\/de\/\",\"name\":\"K\u00f6ttermann GmbH\",\"description\":\"\",\"potentialAction\":[{\"@type\":\"SearchAction\",\"target\":{\"@type\":\"EntryPoint\",\"urlTemplate\":\"https:\/\/www.koettermann.com\/de\/?s={search_term_string}\"},\"query-input\":{\"@type\":\"PropertyValueSpecification\",\"valueRequired\":true,\"valueName\":\"search_term_string\"}}],\"inLanguage\":\"de\"},{\"@type\":\"Person\",\"@id\":\"https:\/\/www.koettermann.com\/de\/#\/schema\/person\/8425ff4fbeb65a5857adf848c905ffc5\",\"name\":\"S\u00f6ren Schecker\",\"image\":{\"@type\":\"ImageObject\",\"inLanguage\":\"de\",\"@id\":\"https:\/\/www.koettermann.com\/de\/#\/schema\/person\/image\/\",\"url\":\"https:\/\/secure.gravatar.com\/avatar\/e97d6a1d08d679c7b716e15d7a5ad40646b8ad5cdf3a342fe3d81f545ce74b19?s=96&d=mm&r=g\",\"contentUrl\":\"https:\/\/secure.gravatar.com\/avatar\/e97d6a1d08d679c7b716e15d7a5ad40646b8ad5cdf3a342fe3d81f545ce74b19?s=96&d=mm&r=g\",\"caption\":\"S\u00f6ren Schecker\"}}]}<\/script>\n<!-- \/ Yoast SEO plugin. -->","yoast_head_json":{"title":"Neuer K\u00f6ttermann Ausstellungsraum in Breda gemeinsam mit Anton Paar - K\u00f6ttermann GmbH","robots":{"index":"index","follow":"follow","max-snippet":"max-snippet:-1","max-image-preview":"max-image-preview:large","max-video-preview":"max-video-preview:-1"},"canonical":"https:\/\/www.koettermann.com\/de\/neuer-koettermann-showroom-in-breda\/","og_locale":"de_DE","og_type":"article","og_title":"Neuer K\u00f6ttermann Ausstellungsraum in Breda gemeinsam mit Anton Paar - K\u00f6ttermann GmbH","og_description":"[vc_row full_width=&#8220;stretch_row&#8220;][vc_column][vc_row_inner][vc_column_inner offset=&#8220;vc_hidden-sm vc_hidden-xs&#8220;][vc_empty_space height=&#8220;50px&#8220;][\/vc_column_inner][\/vc_row_inner][vc_row_inner][vc_column_inner width=&#8220;1\/6&#8243; offset=&#8220;vc_hidden-sm vc_hidden-xs&#8220;][\/vc_column_inner][vc_column_inner offset=&#8220;vc_col-lg-8 vc_col-md-8 vc_col-xs-12&#8243;][vc_single_image image=&#8220;7871&#8243; img_size=&#8220;full&#8220; alignment=&#8220;center&#8220;][vc_empty_space height=&#8220;25px&#8220;][\/vc_column_inner][vc_column_inner width=&#8220;1\/6&#8243;][\/vc_column_inner][\/vc_row_inner][vc_row_inner][vc_column_inner width=&#8220;1\/6&#8243;][\/vc_column_inner][vc_column_inner width=&#8220;2\/3&#8243;][vc_column_text] K\u00f6ttermann Niederlande schlie\u00dft sich mit Anton Paar in Breda zusammen [\/vc_column_text][vc_column_text]Der niederl\u00e4ndische Gesch\u00e4ftsf\u00fchrer von Anton Paar, Herr Dave Dijkhuis,\u00a0beauftragte K\u00f6ttermann mit dem Design, der Montage und der Installation der neuen modernen Test- und Schulungseinrichtung in Breda. Durch [&hellip;]","og_url":"https:\/\/www.koettermann.com\/de\/neuer-koettermann-showroom-in-breda\/","og_site_name":"K\u00f6ttermann GmbH","article_published_time":"2023-02-23T10:17:42+00:00","article_modified_time":"2023-02-23T12:21:34+00:00","og_image":[{"width":2560,"height":1920,"url":"https:\/\/www.koettermann.com\/wp-content\/uploads\/2023\/02\/1-2-scaled.jpg","type":"image\/jpeg"}],"author":"S\u00f6ren Schecker","twitter_card":"summary_large_image","twitter_misc":{"Verfasst von":"S\u00f6ren Schecker","Gesch\u00e4tzte Lesezeit":"2\u00a0Minuten"},"schema":{"@context":"https:\/\/schema.org","@graph":[{"@type":"Article","@id":"https:\/\/www.koettermann.com\/de\/neuer-koettermann-showroom-in-breda\/#article","isPartOf":{"@id":"https:\/\/www.koettermann.com\/de\/neuer-koettermann-showroom-in-breda\/"},"author":{"name":"S\u00f6ren Schecker","@id":"https:\/\/www.koettermann.com\/de\/#\/schema\/person\/8425ff4fbeb65a5857adf848c905ffc5"},"headline":"Neuer K\u00f6ttermann Ausstellungsraum in Breda gemeinsam mit Anton Paar","datePublished":"2023-02-23T10:17:42+00:00","dateModified":"2023-02-23T12:21:34+00:00","mainEntityOfPage":{"@id":"https:\/\/www.koettermann.com\/de\/neuer-koettermann-showroom-in-breda\/"},"wordCount":421,"commentCount":0,"image":{"@id":"https:\/\/www.koettermann.com\/de\/neuer-koettermann-showroom-in-breda\/#primaryimage"},"thumbnailUrl":"https:\/\/www.koettermann.com\/wp-content\/uploads\/2023\/02\/1-2-scaled.jpg","articleSection":["Neuigkeiten"],"inLanguage":"de"},{"@type":"WebPage","@id":"https:\/\/www.koettermann.com\/de\/neuer-koettermann-showroom-in-breda\/","url":"https:\/\/www.koettermann.com\/de\/neuer-koettermann-showroom-in-breda\/","name":"Neuer K\u00f6ttermann Ausstellungsraum in Breda gemeinsam mit Anton Paar - K\u00f6ttermann GmbH","isPartOf":{"@id":"https:\/\/www.koettermann.com\/de\/#website"},"primaryImageOfPage":{"@id":"https:\/\/www.koettermann.com\/de\/neuer-koettermann-showroom-in-breda\/#primaryimage"},"image":{"@id":"https:\/\/www.koettermann.com\/de\/neuer-koettermann-showroom-in-breda\/#primaryimage"},"thumbnailUrl":"https:\/\/www.koettermann.com\/wp-content\/uploads\/2023\/02\/1-2-scaled.jpg","datePublished":"2023-02-23T10:17:42+00:00","dateModified":"2023-02-23T12:21:34+00:00","author":{"@id":"https:\/\/www.koettermann.com\/de\/#\/schema\/person\/8425ff4fbeb65a5857adf848c905ffc5"},"breadcrumb":{"@id":"https:\/\/www.koettermann.com\/de\/neuer-koettermann-showroom-in-breda\/#breadcrumb"},"inLanguage":"de","potentialAction":[{"@type":"ReadAction","target":["https:\/\/www.koettermann.com\/de\/neuer-koettermann-showroom-in-breda\/"]}]},{"@type":"ImageObject","inLanguage":"de","@id":"https:\/\/www.koettermann.com\/de\/neuer-koettermann-showroom-in-breda\/#primaryimage","url":"https:\/\/www.koettermann.com\/wp-content\/uploads\/2023\/02\/1-2-scaled.jpg","contentUrl":"https:\/\/www.koettermann.com\/wp-content\/uploads\/2023\/02\/1-2-scaled.jpg","width":2560,"height":1920},{"@type":"BreadcrumbList","@id":"https:\/\/www.koettermann.com\/de\/neuer-koettermann-showroom-in-breda\/#breadcrumb","itemListElement":[{"@type":"ListItem","position":1,"name":"Startseite","item":"https:\/\/www.koettermann.com\/de\/"},{"@type":"ListItem","position":2,"name":"Neuer K\u00f6ttermann Ausstellungsraum in Breda gemeinsam mit Anton Paar"}]},{"@type":"WebSite","@id":"https:\/\/www.koettermann.com\/de\/#website","url":"https:\/\/www.koettermann.com\/de\/","name":"K\u00f6ttermann GmbH","description":"","potentialAction":[{"@type":"SearchAction","target":{"@type":"EntryPoint","urlTemplate":"https:\/\/www.koettermann.com\/de\/?s={search_term_string}"},"query-input":{"@type":"PropertyValueSpecification","valueRequired":true,"valueName":"search_term_string"}}],"inLanguage":"de"},{"@type":"Person","@id":"https:\/\/www.koettermann.com\/de\/#\/schema\/person\/8425ff4fbeb65a5857adf848c905ffc5","name":"S\u00f6ren Schecker","image":{"@type":"ImageObject","inLanguage":"de","@id":"https:\/\/www.koettermann.com\/de\/#\/schema\/person\/image\/","url":"https:\/\/secure.gravatar.com\/avatar\/e97d6a1d08d679c7b716e15d7a5ad40646b8ad5cdf3a342fe3d81f545ce74b19?s=96&d=mm&r=g","contentUrl":"https:\/\/secure.gravatar.com\/avatar\/e97d6a1d08d679c7b716e15d7a5ad40646b8ad5cdf3a342fe3d81f545ce74b19?s=96&d=mm&r=g","caption":"S\u00f6ren Schecker"}}]}},"_links":{"self":[{"href":"https:\/\/www.koettermann.com\/de\/wp-json\/wp\/v2\/posts\/7870","targetHints":{"allow":["GET"]}}],"collection":[{"href":"https:\/\/www.koettermann.com\/de\/wp-json\/wp\/v2\/posts"}],"about":[{"href":"https:\/\/www.koettermann.com\/de\/wp-json\/wp\/v2\/types\/post"}],"author":[{"embeddable":true,"href":"https:\/\/www.koettermann.com\/de\/wp-json\/wp\/v2\/users\/4"}],"replies":[{"embeddable":true,"href":"https:\/\/www.koettermann.com\/de\/wp-json\/wp\/v2\/comments?post=7870"}],"version-history":[{"count":4,"href":"https:\/\/www.koettermann.com\/de\/wp-json\/wp\/v2\/posts\/7870\/revisions"}],"predecessor-version":[{"id":7893,"href":"https:\/\/www.koettermann.com\/de\/wp-json\/wp\/v2\/posts\/7870\/revisions\/7893"}],"wp:featuredmedia":[{"embeddable":true,"href":"https:\/\/www.koettermann.com\/de\/wp-json\/wp\/v2\/media\/7871"}],"wp:attachment":[{"href":"https:\/\/www.koettermann.com\/de\/wp-json\/wp\/v2\/media?parent=7870"}],"wp:term":[{"taxonomy":"category","embeddable":true,"href":"https:\/\/www.koettermann.com\/de\/wp-json\/wp\/v2\/categories?post=7870"},{"taxonomy":"post_tag","embeddable":true,"href":"https:\/\/www.koettermann.com\/de\/wp-json\/wp\/v2\/tags?post=7870"}],"curies":[{"name":"wp","href":"https:\/\/api.w.org\/{rel}","templated":true}]}}